

{"id":30741,"date":"2024-01-22T15:07:07","date_gmt":"2024-01-22T14:07:07","guid":{"rendered":"https:\/\/www.fiorentini.com\/?post_type=news&#038;p=30741"},"modified":"2025-06-11T10:31:59","modified_gmt":"2025-06-11T08:31:59","slug":"biremi-finale-emilia-al-via-il-progetto-abilitatore-di-green-gas-a-km-0-con-as-retigas","status":"publish","type":"news","link":"https:\/\/www.fiorentini.com\/it\/news\/biremi-finale-emilia-al-via-il-progetto-abilitatore-di-green-gas-a-km-0-con-as-retigas\/","title":{"rendered":"BiRemi\u2122 Finale Emilia: al via il progetto abilitatore di green gas a km 0 con AS Retigas"},"content":{"rendered":"\n<p>In servizio entro la fine dell\u2019anno, il nuovo impianto a <strong>Finale Emilia<\/strong>, in provincia di Modena, evolver\u00e0 l\u2019attuale rete di distribuzione: da un\u2019infrastruttura per il solo recapito di energia ai clienti finali si passer\u00e0 a uno<strong> strumento evoluto di captazione del gas rinnovabile (biometano) <\/strong>del territorio da rilanciare sulla rete di trasporto nazionale. <\/p>\n\n\n\n<div style=\"height:20px\" aria-hidden=\"true\" class=\"wp-block-spacer\"><\/div>\n\n\n\n<p>Il via al progetto, che coinvolge Pietro Fiorentini e AS Retigas (societ\u00e0 di distribuzione del gas del Gruppo AIMAG), \u00e8 stato dato venerd\u00ec 19 gennaio 2024 alla presenza dell\u2019Ing. <strong>Riccardo Castorri<\/strong>, Presidente di AS Retigas, e <strong>Francesco Fortuna<\/strong>, Country Manager Italia di Pietro Fiorentini.<\/p>\n","protected":false},"excerpt":{"rendered":"<p>In servizio entro la fine dell\u2019anno, il nuovo impianto a Finale Emilia, in provincia di Modena, evolver\u00e0 l\u2019attuale rete di distribuzione: da un\u2019infrastruttura per il solo recapito di energia ai clienti finali si passer\u00e0 a uno strumento evoluto di captazione del gas rinnovabile (biometano) del territorio da rilanciare sulla rete di trasporto nazionale.<\/p>\n","protected":false},"featured_media":30738,"parent":0,"menu_order":0,"template":"","format":"standard","meta":{"_acf_changed":false},"tags":[],"class_list":["post-30741","news","type-news","status-publish","format-standard","has-post-thumbnail","hentry","news_categories-soluzioni","news_categories-azienda"],"acf":[],"yoast_head":"<!-- This site is optimized with the Yoast SEO plugin v27.2 - https:\/\/yoast.com\/product\/yoast-seo-wordpress\/ -->\n<title>BiRemi\u2122 Finale Emilia: Pietro Fiorentini e AS Retigas<\/title>\n<meta name=\"description\" content=\"Il via al progetto, che coinvolge Pietro Fiorentini e AS Retigas (Gruppo AIMAG), \u00e8 stato dato venerd\u00ec 19 gennaio 2024\" \/>\n<meta name=\"robots\" content=\"index, follow, max-snippet:-1, max-image-preview:large, max-video-preview:-1\" \/>\n<link rel=\"canonical\" href=\"https:\/\/www.fiorentini.com\/it\/news\/biremi-finale-emilia-al-via-il-progetto-abilitatore-di-green-gas-a-km-0-con-as-retigas\/\" \/>\n<meta property=\"og:locale\" content=\"it_IT\" \/>\n<meta property=\"og:type\" content=\"article\" \/>\n<meta property=\"og:title\" content=\"BiRemi\u2122 Finale Emilia: Pietro Fiorentini e AS Retigas\" \/>\n<meta property=\"og:description\" content=\"Il via al progetto, che coinvolge Pietro Fiorentini e AS Retigas (Gruppo AIMAG), \u00e8 stato dato venerd\u00ec 19 gennaio 2024\" \/>\n<meta property=\"og:url\" content=\"https:\/\/www.fiorentini.com\/it\/news\/biremi-finale-emilia-al-via-il-progetto-abilitatore-di-green-gas-a-km-0-con-as-retigas\/\" \/>\n<meta property=\"og:site_name\" content=\"Pietro Fiorentini\" \/>\n<meta property=\"article:modified_time\" content=\"2025-06-11T08:31:59+00:00\" \/>\n<meta property=\"og:image\" content=\"https:\/\/www.fiorentini.com\/wp-content\/uploads\/2024\/01\/PietroFiorentiniASRetigas_BiremiFinaleEmilia_W.png\" \/>\n\t<meta property=\"og:image:width\" content=\"991\" \/>\n\t<meta property=\"og:image:height\" content=\"991\" \/>\n\t<meta property=\"og:image:type\" content=\"image\/png\" \/>\n<meta name=\"twitter:card\" content=\"summary_large_image\" \/>\n<meta name=\"twitter:label1\" content=\"Tempo di lettura stimato\" \/>\n\t<meta name=\"twitter:data1\" content=\"1 minuto\" \/>\n<script type=\"application\/ld+json\" class=\"yoast-schema-graph\">{\"@context\":\"https:\/\/schema.org\",\"@graph\":[{\"@type\":\"WebPage\",\"@id\":\"https:\/\/www.fiorentini.com\/it\/news\/biremi-finale-emilia-al-via-il-progetto-abilitatore-di-green-gas-a-km-0-con-as-retigas\/\",\"url\":\"https:\/\/www.fiorentini.com\/it\/news\/biremi-finale-emilia-al-via-il-progetto-abilitatore-di-green-gas-a-km-0-con-as-retigas\/\",\"name\":\"BiRemi\u2122 Finale Emilia: Pietro Fiorentini e AS Retigas\",\"isPartOf\":{\"@id\":\"https:\/\/\/\/www.fiorentini.com\/it\/www.fiorentini.com\/it\/www.fiorentini.com\/it\/en\/#website\"},\"primaryImageOfPage\":{\"@id\":\"https:\/\/www.fiorentini.com\/it\/news\/biremi-finale-emilia-al-via-il-progetto-abilitatore-di-green-gas-a-km-0-con-as-retigas\/#primaryimage\"},\"image\":{\"@id\":\"https:\/\/www.fiorentini.com\/it\/news\/biremi-finale-emilia-al-via-il-progetto-abilitatore-di-green-gas-a-km-0-con-as-retigas\/#primaryimage\"},\"thumbnailUrl\":\"https:\/\/www.fiorentini.com\/wp-content\/uploads\/2024\/01\/PietroFiorentiniASRetigas_BiremiFinaleEmilia_W.png\",\"datePublished\":\"2024-01-22T14:07:07+00:00\",\"dateModified\":\"2025-06-11T08:31:59+00:00\",\"description\":\"Il via al progetto, che coinvolge Pietro Fiorentini e AS Retigas (Gruppo AIMAG), \u00e8 stato dato venerd\u00ec 19 gennaio 2024\",\"breadcrumb\":{\"@id\":\"https:\/\/www.fiorentini.com\/it\/news\/biremi-finale-emilia-al-via-il-progetto-abilitatore-di-green-gas-a-km-0-con-as-retigas\/#breadcrumb\"},\"inLanguage\":\"it-IT\",\"potentialAction\":[{\"@type\":\"ReadAction\",\"target\":[\"https:\/\/www.fiorentini.com\/it\/news\/biremi-finale-emilia-al-via-il-progetto-abilitatore-di-green-gas-a-km-0-con-as-retigas\/\"]}]},{\"@type\":\"ImageObject\",\"inLanguage\":\"it-IT\",\"@id\":\"https:\/\/www.fiorentini.com\/it\/news\/biremi-finale-emilia-al-via-il-progetto-abilitatore-di-green-gas-a-km-0-con-as-retigas\/#primaryimage\",\"url\":\"https:\/\/www.fiorentini.com\/wp-content\/uploads\/2024\/01\/PietroFiorentiniASRetigas_BiremiFinaleEmilia_W.png\",\"contentUrl\":\"https:\/\/www.fiorentini.com\/wp-content\/uploads\/2024\/01\/PietroFiorentiniASRetigas_BiremiFinaleEmilia_W.png\",\"width\":991,\"height\":991,\"caption\":\"BiRemi\u2122 Finale Emilia Pietro Fiorentini AS Retigas\"},{\"@type\":\"BreadcrumbList\",\"@id\":\"https:\/\/www.fiorentini.com\/it\/news\/biremi-finale-emilia-al-via-il-progetto-abilitatore-di-green-gas-a-km-0-con-as-retigas\/#breadcrumb\",\"itemListElement\":[{\"@type\":\"ListItem\",\"position\":1,\"name\":\"Home\",\"item\":\"https:\/\/www.fiorentini.com\/it\/\"},{\"@type\":\"ListItem\",\"position\":2,\"name\":\"News\",\"item\":\"https:\/\/www.fiorentini.com\/it\/news\/\"},{\"@type\":\"ListItem\",\"position\":3,\"name\":\"BiRemi\u2122 Finale Emilia: al via il progetto abilitatore di green gas a km 0 con AS Retigas\"}]},{\"@type\":\"WebSite\",\"@id\":\"https:\/\/\/\/www.fiorentini.com\/it\/www.fiorentini.com\/it\/www.fiorentini.com\/it\/en\/#website\",\"url\":\"https:\/\/\/\/www.fiorentini.com\/it\/www.fiorentini.com\/it\/www.fiorentini.com\/it\/en\/\",\"name\":\"Pietro Fiorentini\",\"description\":\"\",\"publisher\":{\"@id\":\"https:\/\/\/\/www.fiorentini.com\/it\/www.fiorentini.com\/it\/www.fiorentini.com\/it\/en\/#organization\"},\"potentialAction\":[{\"@type\":\"SearchAction\",\"target\":{\"@type\":\"EntryPoint\",\"urlTemplate\":\"https:\/\/\/\/www.fiorentini.com\/it\/www.fiorentini.com\/it\/www.fiorentini.com\/it\/en\/?s={search_term_string}\"},\"query-input\":{\"@type\":\"PropertyValueSpecification\",\"valueRequired\":true,\"valueName\":\"search_term_string\"}}],\"inLanguage\":\"it-IT\"},{\"@type\":\"Organization\",\"@id\":\"https:\/\/\/\/www.fiorentini.com\/it\/www.fiorentini.com\/it\/www.fiorentini.com\/it\/en\/#organization\",\"name\":\"Pietro Fiorentini\",\"url\":\"https:\/\/\/\/www.fiorentini.com\/it\/www.fiorentini.com\/it\/www.fiorentini.com\/it\/en\/\",\"logo\":{\"@type\":\"ImageObject\",\"inLanguage\":\"it-IT\",\"@id\":\"https:\/\/\/\/www.fiorentini.com\/it\/www.fiorentini.com\/it\/www.fiorentini.com\/it\/en\/#\/schema\/logo\/image\/\",\"url\":\"https:\/\/www.fiorentini.com\/wp-content\/uploads\/2020\/11\/logo.svg\",\"contentUrl\":\"https:\/\/www.fiorentini.com\/wp-content\/uploads\/2020\/11\/logo.svg\",\"width\":227,\"height\":59,\"caption\":\"Pietro Fiorentini\"},\"image\":{\"@id\":\"https:\/\/\/\/www.fiorentini.com\/it\/www.fiorentini.com\/it\/www.fiorentini.com\/it\/en\/#\/schema\/logo\/image\/\"}}]}<\/script>\n<!-- \/ Yoast SEO plugin. -->","yoast_head_json":{"title":"BiRemi\u2122 Finale Emilia: Pietro Fiorentini e AS Retigas","description":"Il via al progetto, che coinvolge Pietro Fiorentini e AS Retigas (Gruppo AIMAG), \u00e8 stato dato venerd\u00ec 19 gennaio 2024","robots":{"index":"index","follow":"follow","max-snippet":"max-snippet:-1","max-image-preview":"max-image-preview:large","max-video-preview":"max-video-preview:-1"},"canonical":"https:\/\/www.fiorentini.com\/it\/news\/biremi-finale-emilia-al-via-il-progetto-abilitatore-di-green-gas-a-km-0-con-as-retigas\/","og_locale":"it_IT","og_type":"article","og_title":"BiRemi\u2122 Finale Emilia: Pietro Fiorentini e AS Retigas","og_description":"Il via al progetto, che coinvolge Pietro Fiorentini e AS Retigas (Gruppo AIMAG), \u00e8 stato dato venerd\u00ec 19 gennaio 2024","og_url":"https:\/\/www.fiorentini.com\/it\/news\/biremi-finale-emilia-al-via-il-progetto-abilitatore-di-green-gas-a-km-0-con-as-retigas\/","og_site_name":"Pietro Fiorentini","article_modified_time":"2025-06-11T08:31:59+00:00","og_image":[{"width":991,"height":991,"url":"https:\/\/www.fiorentini.com\/wp-content\/uploads\/2024\/01\/PietroFiorentiniASRetigas_BiremiFinaleEmilia_W.png","type":"image\/png"}],"twitter_card":"summary_large_image","twitter_misc":{"Tempo di lettura stimato":"1 minuto"},"schema":{"@context":"https:\/\/schema.org","@graph":[{"@type":"WebPage","@id":"https:\/\/www.fiorentini.com\/it\/news\/biremi-finale-emilia-al-via-il-progetto-abilitatore-di-green-gas-a-km-0-con-as-retigas\/","url":"https:\/\/www.fiorentini.com\/it\/news\/biremi-finale-emilia-al-via-il-progetto-abilitatore-di-green-gas-a-km-0-con-as-retigas\/","name":"BiRemi\u2122 Finale Emilia: Pietro Fiorentini e AS Retigas","isPartOf":{"@id":"https:\/\/\/\/www.fiorentini.com\/it\/it\/www.fiorentini.com\/it\/it\/www.fiorentini.com\/it\/it\/en\/#website"},"primaryImageOfPage":{"@id":"https:\/\/www.fiorentini.com\/it\/news\/biremi-finale-emilia-al-via-il-progetto-abilitatore-di-green-gas-a-km-0-con-as-retigas\/#primaryimage"},"image":{"@id":"https:\/\/www.fiorentini.com\/it\/news\/biremi-finale-emilia-al-via-il-progetto-abilitatore-di-green-gas-a-km-0-con-as-retigas\/#primaryimage"},"thumbnailUrl":"https:\/\/www.fiorentini.com\/wp-content\/uploads\/2024\/01\/PietroFiorentiniASRetigas_BiremiFinaleEmilia_W.png","datePublished":"2024-01-22T14:07:07+00:00","dateModified":"2025-06-11T08:31:59+00:00","description":"Il via al progetto, che coinvolge Pietro Fiorentini e AS Retigas (Gruppo AIMAG), \u00e8 stato dato venerd\u00ec 19 gennaio 2024","breadcrumb":{"@id":"https:\/\/www.fiorentini.com\/it\/news\/biremi-finale-emilia-al-via-il-progetto-abilitatore-di-green-gas-a-km-0-con-as-retigas\/#breadcrumb"},"inLanguage":"it-IT","potentialAction":[{"@type":"ReadAction","target":["https:\/\/www.fiorentini.com\/it\/news\/biremi-finale-emilia-al-via-il-progetto-abilitatore-di-green-gas-a-km-0-con-as-retigas\/"]}]},{"@type":"ImageObject","inLanguage":"it-IT","@id":"https:\/\/www.fiorentini.com\/it\/news\/biremi-finale-emilia-al-via-il-progetto-abilitatore-di-green-gas-a-km-0-con-as-retigas\/#primaryimage","url":"https:\/\/www.fiorentini.com\/wp-content\/uploads\/2024\/01\/PietroFiorentiniASRetigas_BiremiFinaleEmilia_W.png","contentUrl":"https:\/\/www.fiorentini.com\/wp-content\/uploads\/2024\/01\/PietroFiorentiniASRetigas_BiremiFinaleEmilia_W.png","width":991,"height":991,"caption":"BiRemi\u2122 Finale Emilia Pietro Fiorentini AS Retigas"},{"@type":"BreadcrumbList","@id":"https:\/\/www.fiorentini.com\/it\/news\/biremi-finale-emilia-al-via-il-progetto-abilitatore-di-green-gas-a-km-0-con-as-retigas\/#breadcrumb","itemListElement":[{"@type":"ListItem","position":1,"name":"Home","item":"https:\/\/www.fiorentini.com\/it\/"},{"@type":"ListItem","position":2,"name":"News","item":"https:\/\/www.fiorentini.com\/it\/news\/"},{"@type":"ListItem","position":3,"name":"BiRemi\u2122 Finale Emilia: al via il progetto abilitatore di green gas a km 0 con AS Retigas"}]},{"@type":"WebSite","@id":"https:\/\/\/\/www.fiorentini.com\/it\/it\/www.fiorentini.com\/it\/it\/www.fiorentini.com\/it\/it\/en\/#website","url":"https:\/\/\/\/www.fiorentini.com\/it\/it\/www.fiorentini.com\/it\/it\/www.fiorentini.com\/it\/it\/en\/","name":"Pietro Fiorentini","description":"","publisher":{"@id":"https:\/\/\/\/www.fiorentini.com\/it\/www.fiorentini.com\/it\/www.fiorentini.com\/it\/en\/#organization"},"potentialAction":[{"@type":"SearchAction","target":{"@type":"EntryPoint","urlTemplate":"https:\/\/\/\/www.fiorentini.com\/it\/it\/www.fiorentini.com\/it\/it\/www.fiorentini.com\/it\/it\/en\/?s={search_term_string}"},"query-input":{"@type":"PropertyValueSpecification","valueRequired":true,"valueName":"search_term_string"}}],"inLanguage":"it-IT"},{"@type":"Organization","@id":"https:\/\/\/\/www.fiorentini.com\/it\/it\/www.fiorentini.com\/it\/it\/www.fiorentini.com\/it\/it\/en\/#organization","name":"Pietro Fiorentini","url":"https:\/\/\/\/www.fiorentini.com\/it\/it\/www.fiorentini.com\/it\/it\/www.fiorentini.com\/it\/it\/en\/","logo":{"@type":"ImageObject","inLanguage":"it-IT","@id":"https:\/\/\/\/www.fiorentini.com\/it\/it\/www.fiorentini.com\/it\/it\/www.fiorentini.com\/it\/it\/en\/#\/schema\/logo\/image\/","url":"https:\/\/www.fiorentini.com\/wp-content\/uploads\/2020\/11\/logo.svg","contentUrl":"https:\/\/www.fiorentini.com\/wp-content\/uploads\/2020\/11\/logo.svg","width":227,"height":59,"caption":"Pietro Fiorentini"},"image":{"@id":"https:\/\/\/\/www.fiorentini.com\/it\/it\/www.fiorentini.com\/it\/it\/www.fiorentini.com\/it\/it\/en\/#\/schema\/logo\/image\/"}}]}},"_links":{"self":[{"href":"https:\/\/www.fiorentini.com\/it\/wp-json\/wp\/v2\/news\/30741","targetHints":{"allow":["GET"]}}],"collection":[{"href":"https:\/\/www.fiorentini.com\/it\/wp-json\/wp\/v2\/news"}],"about":[{"href":"https:\/\/www.fiorentini.com\/it\/wp-json\/wp\/v2\/types\/news"}],"wp:featuredmedia":[{"embeddable":true,"href":"https:\/\/www.fiorentini.com\/it\/wp-json\/wp\/v2\/media\/30738"}],"wp:attachment":[{"href":"https:\/\/www.fiorentini.com\/it\/wp-json\/wp\/v2\/media?parent=30741"}],"wp:term":[{"taxonomy":"post_tag","embeddable":true,"href":"https:\/\/www.fiorentini.com\/it\/wp-json\/wp\/v2\/tags?post=30741"}],"curies":[{"name":"wp","href":"https:\/\/api.w.org\/{rel}","templated":true}]}}